{"id":33635,"__str__":"Parecer - Comiss\u00e3o Permanente - PARECER DA CCJR de 16/10/2023 por COMISS\u00c3O DE CONSTITUI\u00c7\u00c3O, JUSTI\u00c7A E REDA\u00c7\u00c3O","link_detail_backend":"/materia/documentoacessorio/33635","metadata":{"signs":{"arquivo":{"admin":[],"autores":[["Elias Ferreira de Almeida Filho",["2023-10-16T16:00:54-03:00","ICP-Brasil - Certificado PF A1"]],["Elvis Silva Cruz",["2023-10-16T18:52:41-03:00","ICP-Brasil - Certificado PF A1"]]]}}},"nome":"PARECER DA CCJR","data":"2023-10-16","autor":"COMISS\u00c3O DE CONSTITUI\u00c7\u00c3O, JUSTI\u00c7A E REDA\u00c7\u00c3O","ementa":"","indexacao":"","arquivo":"http://sapl.parauapebas.pa.leg.br/media/sapl/public/documentoacessorio/2023/33635/parecer_ao_projeto_de_lei_173_2023.pdf","data_ultima_atualizacao":"2023-10-17T18:03:23.080672-03:00","materia":6968,"tipo":9}