{"id":10132,"__str__":"Indica\u00e7\u00e3o n\u00ba 754 de 2025","link_detail_backend":"/materia/10132","metadata":{"signs":{"texto_original":{"admin":[],"autores":[["Graciele Coelho Jacome de Brito Moreira",["2025-11-06T15:01:31-03:00","ICP-Brasil"]]]}}},"numero":754,"ano":2025,"numero_protocolo":1473,"data_apresentacao":"2025-11-07","tipo_apresentacao":"","data_publicacao":null,"numero_origem_externa":"","ano_origem_externa":null,"data_origem_externa":null,"apelido":"","dias_prazo":null,"data_fim_prazo":null,"em_tramitacao":true,"polemica":false,"objeto":"","complementar":false,"ementa":"INDICA AO PODER EXECUTIVO MUNICIPAL, A CRIA\u00c7\u00c3O DA FEIRA \u201cEMPREENDE AMAZ\u00d4NIA\u201d, DESTINADA \u00c0 EXPOSI\u00c7\u00c3O E COMERCIALIZA\u00c7\u00c3O DE PRODUTOS ARTESANAIS E DA CULIN\u00c1RIA LOCAL, REALIZADA QUINZENALMENTE OU MENSALMENTE EM ESPA\u00c7OS P\u00daBLICOS, VISANDO INCENTIVAR O EMPREENDEDORISMO E VALORIZAR A ECONOMIA CRIATIVA AMAZ\u00d4NICA.","indexacao":"","observacao":"","resultado":"","texto_original":"http://sapl.parauapebas.pa.leg.br/media/sapl/public/materialegislativa/2025/10132/indicacao_feira_da_amazonia.pdf","data_ultima_atualizacao":"2025-12-10T10:37:18.924718-03:00","ip":"177.55.68.229","ultima_edicao":"2025-11-07T10:19:10.673929-03:00","tipo":8,"regime_tramitacao":1,"tipo_origem_externa":null,"local_origem_externa":null,"user":51,"anexadas":[],"autores":[96]}