{"id":10403,"__str__":"Emenda n\u00ba 129 de 2025","link_detail_backend":"/materia/10403","metadata":{"signs":{"texto_original":{"admin":[],"autores":[["Maquivalda Aguiar Barros",["2025-11-30T21:52:57-03:00","ICP-Brasil"]]]}}},"numero":129,"ano":2025,"numero_protocolo":1739,"data_apresentacao":"2025-12-15","tipo_apresentacao":"","data_publicacao":null,"numero_origem_externa":"","ano_origem_externa":null,"data_origem_externa":null,"apelido":"","dias_prazo":null,"data_fim_prazo":null,"em_tramitacao":false,"polemica":false,"objeto":"","complementar":false,"ementa":"ADICIONA A A\u00c7\u00c3O QUE ESPECIFICA AO ANEXO V DO PROJETO DE LEI N\u00ba 183/2025, QUE DISP\u00d5E SOBRE O PLANO PLURIANUAL DO MUNIC\u00cdPIO DE PARAUAPEBAS PARA O QUADRI\u00caNIO 2026-2029 \u2013 PPA (A\u00c7\u00c3O N\u00ba 122-A).","indexacao":"","observacao":"","resultado":"","texto_original":"http://sapl.parauapebas.pa.leg.br/media/sapl/public/materialegislativa/2025/10403/129._proposta_de_emenda_ao_ppa_-_social_-_122-a.pdf","data_ultima_atualizacao":"2025-12-15T17:01:49.893620-03:00","ip":"177.75.238.66","ultima_edicao":"2025-12-15T13:49:17.088230-03:00","tipo":5,"regime_tramitacao":1,"tipo_origem_externa":null,"local_origem_externa":null,"user":97,"anexadas":[],"autores":[92]}