{"id":3287,"__str__":"Requerimento n\u00ba 79 de 2013","link_detail_backend":"/materia/3287","metadata":{},"numero":79,"ano":2013,"numero_protocolo":null,"data_apresentacao":"2013-09-03","tipo_apresentacao":"","data_publicacao":null,"numero_origem_externa":"","ano_origem_externa":null,"data_origem_externa":null,"apelido":"","dias_prazo":null,"data_fim_prazo":null,"em_tramitacao":false,"polemica":false,"objeto":"","complementar":false,"ementa":"REQUER, ao Poder Legislativo, que seja realizada uma Sess\u00e3o Solene em Homenagem os 30 anos de funda\u00e7\u00e3o da Assembleia de Deus em Parauapebas.","indexacao":"REQUER, ao Poder Legislativo, que seja realizada uma Sess\u00e3o Solene em Homenagem os 30 anos de funda\u00e7\u00e3o da Assembleia de Deus em Parauapebas.","observacao":"","resultado":"","texto_original":"http://sapl.parauapebas.pa.leg.br/media/sapl/public/materialegislativa/2013/3287/requerimento_n_79-2013_vereador_maride_1.pdf","data_ultima_atualizacao":"2020-09-30T12:18:48.548438-03:00","ip":"177.75.238.62","ultima_edicao":"2020-09-30T12:18:48.437109-03:00","tipo":3,"regime_tramitacao":1,"tipo_origem_externa":null,"local_origem_externa":null,"user":39,"anexadas":[],"autores":[19]}