{"id":6361,"__str__":"Indica\u00e7\u00e3o n\u00ba 6 de 2023","link_detail_backend":"/materia/6361","metadata":{"signs":{"texto_original":{"admin":[],"autores":[["Francisco Eloecio Silva Lima",["2023-02-14T10:40:05-03:00","ICP-Brasil - Certificado PF A1"]]]}}},"numero":6,"ano":2023,"numero_protocolo":19,"data_apresentacao":"2023-02-17","tipo_apresentacao":"","data_publicacao":null,"numero_origem_externa":"","ano_origem_externa":null,"data_origem_externa":null,"apelido":"","dias_prazo":null,"data_fim_prazo":null,"em_tramitacao":true,"polemica":false,"objeto":"","complementar":false,"ementa":"INDICO AO PODER EXECUTIVO ESTUDO T\u00c9CNICO, VISANDO A LEGALIZA\u00c7\u00c3O DA \u00c1REA DENOMINADA 'NOVA GERA\u00c7\u00c3O\u2019, LOCALIZADA NO INTERIOR DO BAIRRO NOVA CARAJ\u00c1S .","indexacao":"","observacao":"","resultado":"","texto_original":"http://sapl.parauapebas.pa.leg.br/media/sapl/public/materialegislativa/2023/6361/nova_geracao.pdf","data_ultima_atualizacao":"2023-12-04T10:46:45.207986-03:00","ip":"177.75.238.62","ultima_edicao":"2023-02-27T15:29:52.792325-03:00","tipo":8,"regime_tramitacao":1,"tipo_origem_externa":null,"local_origem_externa":null,"user":46,"anexadas":[],"autores":[56]}