{"id":6606,"__str__":"Emenda n\u00ba 8 de 2023","link_detail_backend":"/materia/6606","metadata":{"signs":{"texto_original":{"admin":[],"autores":[["Anderson Marcos Moratorio",["2023-04-20T13:50:21-03:00","ICP-Brasil - Certificado PF A1"]]]}}},"numero":8,"ano":2023,"numero_protocolo":262,"data_apresentacao":"2023-04-24","tipo_apresentacao":"","data_publicacao":null,"numero_origem_externa":"","ano_origem_externa":null,"data_origem_externa":null,"apelido":"","dias_prazo":null,"data_fim_prazo":null,"em_tramitacao":false,"polemica":false,"objeto":"","complementar":false,"ementa":"EMENDA SUPRESSIVA AO PL N\u00ba 009/2023 - INSTITUI A POL\u00cdTICA MUNICIPAL DE CUIDADO INTEGRAL \u00c0S PESSOAS COM TRANSTORNO DO ESPECTRO AUTISTA - TEA NO MUNIC\u00cdPIO DE PARAUAPEBAS E D\u00c1 OUTRAS PROVID\u00caNCIAS.","indexacao":"EMENDA SUPRESSIVA AO PL N\u00ba 009/2023 - INSTITUI A POL\u00cdTICA MUNICIPAL DE CUIDADO INTEGRAL \u00c0S PESSOAS COM TRANSTORNO DO ESPECTRO AUTISTA - TEA NO MUNIC\u00cdPIO DE PARAUAPEBAS E D\u00c1 OUTRAS PROVID\u00caNCIAS.","observacao":"","resultado":"","texto_original":"http://sapl.parauapebas.pa.leg.br/media/sapl/public/materialegislativa/2023/6606/emenda_supressiva_n_008-23_ao_pl_009-23_-_politica_cuidado_integral_-_tea_-_ass.pdf","data_ultima_atualizacao":"2023-09-28T11:36:16.542127-03:00","ip":"177.75.238.62","ultima_edicao":"2023-06-01T14:50:49.760080-03:00","tipo":5,"regime_tramitacao":1,"tipo_origem_externa":null,"local_origem_externa":null,"user":51,"anexadas":[],"autores":[84]}