{"id":6821,"__str__":"Indica\u00e7\u00e3o n\u00ba 246 de 2023","link_detail_backend":"/materia/6821","metadata":{"signs":{"texto_original":{"admin":[],"autores":[["Raianny Rodrigues de Souza",["2023-06-12T13:10:58-03:00","ICP-Brasil - Certificado PF A1"]]]}}},"numero":246,"ano":2023,"numero_protocolo":476,"data_apresentacao":"2023-06-12","tipo_apresentacao":"","data_publicacao":null,"numero_origem_externa":"","ano_origem_externa":null,"data_origem_externa":null,"apelido":"","dias_prazo":null,"data_fim_prazo":null,"em_tramitacao":true,"polemica":false,"objeto":"","complementar":false,"ementa":"INDICO AO PODER EXECUTIVO MUNICIPAL A INSTALA\u00c7\u00c3O DA SINALIZA\u00c7\u00c3O VERTICAL, FAIXA DE PEDESTRES E REDUTORES DE VELOCIDADE EM FRENTE \u00c0 ENTRADA DO  PARTAGE SHOPPING, NO \u00c2MBITO DESTE MUNIC\u00cdPIO.","indexacao":"","observacao":"","resultado":"","texto_original":"http://sapl.parauapebas.pa.leg.br/media/sapl/public/materialegislativa/2023/6821/indicacao_2462023-_faixa_de_pedestre_e_sinalizacao.pdf","data_ultima_atualizacao":"2023-08-25T14:20:58.480571-03:00","ip":"177.75.238.62","ultima_edicao":"2023-06-12T14:56:38.710176-03:00","tipo":8,"regime_tramitacao":1,"tipo_origem_externa":null,"local_origem_externa":null,"user":46,"anexadas":[],"autores":[82]}