{"id":6979,"__str__":"Indica\u00e7\u00e3o n\u00ba 326 de 2023","link_detail_backend":"/materia/6979","metadata":{"signs":{"texto_original":{"admin":[],"autores":[["Joel Pedro Alves",["2023-08-11T14:40:16-03:00","ICP-Brasil - Certificado PF A1"]]]}}},"numero":326,"ano":2023,"numero_protocolo":630,"data_apresentacao":"2023-08-11","tipo_apresentacao":"","data_publicacao":null,"numero_origem_externa":"","ano_origem_externa":null,"data_origem_externa":null,"apelido":"","dias_prazo":null,"data_fim_prazo":null,"em_tramitacao":true,"polemica":false,"objeto":"","complementar":false,"ementa":"INDICA AO EXECUTIVO MUNICIPAL, NA PESSOA DO SR. PREFEITO DARCI JOS\u00c9 LERMEN,  A REFORMA DOS APARELHOS DE GIN\u00c1STICA DA ACADEMIA AO AR LIVRE DO LAGO NOVA CARAJ\u00c1S.","indexacao":"","observacao":"","resultado":"","texto_original":"http://sapl.parauapebas.pa.leg.br/media/sapl/public/materialegislativa/2023/6979/ind_326_-2023_reforma_academia_lago_nova_carajas.pdf","data_ultima_atualizacao":"2023-08-21T11:48:03.209102-03:00","ip":"","ultima_edicao":null,"tipo":8,"regime_tramitacao":1,"tipo_origem_externa":null,"local_origem_externa":null,"user":null,"anexadas":[],"autores":[42]}