{"id":7458,"__str__":"Indica\u00e7\u00e3o n\u00ba 540 de 2023","link_detail_backend":"/materia/7458","metadata":{"signs":{"texto_original":{"admin":[],"autores":[["Josivaldo Antonio da Silva",["2023-12-09T13:38:20-03:00","ICP-Brasil - Certificado PF A1"]]]}}},"numero":540,"ano":2023,"numero_protocolo":1101,"data_apresentacao":"2023-12-11","tipo_apresentacao":"","data_publicacao":null,"numero_origem_externa":"","ano_origem_externa":null,"data_origem_externa":null,"apelido":"","dias_prazo":null,"data_fim_prazo":null,"em_tramitacao":true,"polemica":false,"objeto":"","complementar":false,"ementa":"INDICA AO PODER EXECUTIVO MUNICIPAL QUE CRIE UMA FEIRA SEMANAL PARA PRODUTOS ARTESANAIS NO COMPLEXO TUR\u00cdSTICO DE PARAUAPEBAS NOS DIAS DE SEXTA, S\u00c1BADO E DOMINGO E D\u00c1 OUTRAS PROVID\u00caNCIAS","indexacao":"INDICA AO PODER EXECUTIVO MUNICIPAL QUE CRIE UMA FEIRA SEMANAL PARA PRODUTOS ARTESANAIS NO COMPLEXO TUR\u00cdSTICO DE PARAUAPEBAS NOS DIAS DE SEXTA, S\u00c1BADO E DOMINGO E D\u00c1 OUTRAS PROVID\u00caNCIAS","observacao":"","resultado":"","texto_original":"http://sapl.parauapebas.pa.leg.br/media/sapl/public/materialegislativa/2023/7458/indicacao_josivaldo_540.pdf","data_ultima_atualizacao":"2023-12-14T08:15:40.799870-03:00","ip":"164.163.222.7","ultima_edicao":"2023-12-11T17:41:41.696090-03:00","tipo":8,"regime_tramitacao":1,"tipo_origem_externa":null,"local_origem_externa":null,"user":51,"anexadas":[],"autores":[61]}