{"id":5295,"__str__":"Emenda n\u00ba 5 de 2019 | Proposi\u00e7\u00e3o inclusa na Ordem do Dia | 24/09/2019","link_detail_backend":"/materia/tramitacao/5295","metadata":{},"timestamp":"2019-09-26T11:20:33.146269-03:00","data_tramitacao":"2019-09-24","data_encaminhamento":null,"urgente":false,"turno":"","texto":"PROPOSI\u00c7\u00c3O INCLUS\u00c3O NA ORDEM DO DIA","data_fim_prazo":null,"ip":"201.149.124.162","ultima_edicao":null,"status":3,"materia":2075,"unidade_tramitacao_local":4,"unidade_tramitacao_destino":1,"user":60}