{"id":229,"__str__":"Ordem: None - Requerente: Josemir Silva - Mat\u00e9ria: Indica\u00e7\u00e3o n\u00ba 2 de 2023","link_detail_backend":"/sessao/retiradapauta/229","metadata":{},"data":"2023-02-23","observacao":"","materia":6357,"sessao_plenaria":407,"ordem":null,"expediente":3643,"parlamentar":53,"tipo_de_retirada":2}